{"id":12652,"date":"2018-03-08T22:50:07","date_gmt":"2018-03-08T21:50:07","guid":{"rendered":"http:\/\/www.lauryn.cz\/en\/?p=12652"},"modified":"2018-03-08T22:50:07","modified_gmt":"2018-03-08T21:50:07","slug":"gdpr-methodology-and-seminar","status":"publish","type":"post","link":"https:\/\/www.lauryn.cz\/en\/2018\/03\/08\/gdpr-methodology-and-seminar\/","title":{"rendered":"GDPR methodology and seminar"},"content":{"rendered":"<p>A seminar was held on Thursday, 1 March 2018 in Pardubice for users of the L-BIS, LBIS\/4G and R-PLAN systems who ordered the methodology \u201cPersonal data processing in the L-BIS, LBIS\/4G and R-PLAN information systems\u201d. This methodological instruction offers comprehensive resolution of the issue of personal data processing in these systems in compliance with the GDPR. The methodology was elaborated in cooperation with specialists from the largest law office in the Czech Republic HAVEL &amp; PARTNERS s.r.o. who also participated in the seminar. The people who participated in the seminar rated the professional level of the individual lectures, the content of the methodology itself and also resolution of the GDPR in the L-BIS, LBIS\/4G and R-PLAN systems in a very positive light.<\/p>\n","protected":false},"excerpt":{"rendered":"<p>A seminar was held on Thursday, 1 March 2018 in Pardubice for users of the L-BIS, LBIS\/4G and R-PLAN systems who ordered the methodology \u201cPersonal data processing in the L-BIS, LBIS\/4G and R-PLAN information systems\u201d. This [&hellip;]<\/p>\n","protected":false},"author":3,"featured_media":0,"comment_status":"closed","ping_status":"closed","sticky":false,"template":"","format":"standard","meta":{"footnotes":""},"categories":[47],"tags":[],"class_list":["post-12652","post","type-post","status-publish","format-standard","hentry","category-news"],"yoast_head":"<!-- This site is optimized with the Yoast SEO plugin v23.6 - https:\/\/yoast.com\/wordpress\/plugins\/seo\/ -->\n<title>GDPR methodology and seminar | LAURYN<\/title>\n<meta name=\"robots\" content=\"index, follow, max-snippet:-1, max-image-preview:large, max-video-preview:-1\" \/>\n<link rel=\"canonical\" href=\"https:\/\/www.lauryn.cz\/2018\/03\/06\/metodika-gdpr-seminar\/\" \/>\n<meta property=\"og:locale\" content=\"en_US\" \/>\n<meta property=\"og:type\" content=\"article\" \/>\n<meta property=\"og:title\" content=\"GDPR methodology and seminar | LAURYN\" \/>\n<meta property=\"og:description\" content=\"A seminar was held on Thursday, 1 March 2018 in Pardubice for users of the L-BIS, LBIS\/4G and R-PLAN systems who ordered the methodology \u201cPersonal data processing in the L-BIS, LBIS\/4G and R-PLAN information systems\u201d. This [&hellip;]\" \/>\n<meta property=\"og:url\" content=\"https:\/\/www.lauryn.cz\/2018\/03\/06\/metodika-gdpr-seminar\/\" \/>\n<meta property=\"og:site_name\" content=\"LAURYN\" \/>\n<meta property=\"article:published_time\" content=\"2018-03-08T21:50:07+00:00\" \/>\n<meta name=\"author\" content=\"Radek Lauryn\" \/>\n<meta name=\"twitter:card\" content=\"summary_large_image\" \/>\n<meta name=\"twitter:label1\" content=\"Written by\" \/>\n\t<meta name=\"twitter:data1\" content=\"Radek Lauryn\" \/>\n\t<meta name=\"twitter:label2\" content=\"Est. reading time\" \/>\n\t<meta name=\"twitter:data2\" content=\"1 minute\" \/>\n<script type=\"application\/ld+json\" class=\"yoast-schema-graph\">{\"@context\":\"https:\/\/schema.org\",\"@graph\":[{\"@type\":\"WebPage\",\"@id\":\"https:\/\/www.lauryn.cz\/2018\/03\/06\/metodika-gdpr-seminar\/\",\"url\":\"https:\/\/www.lauryn.cz\/2018\/03\/06\/metodika-gdpr-seminar\/\",\"name\":\"GDPR methodology and seminar | LAURYN\",\"isPartOf\":{\"@id\":\"https:\/\/www.lauryn.cz\/#website\"},\"datePublished\":\"2018-03-08T21:50:07+00:00\",\"dateModified\":\"2018-03-08T21:50:07+00:00\",\"author\":{\"@id\":\"https:\/\/www.lauryn.cz\/#\/schema\/person\/7c4e5d8e482c37b2de1b21e0440c76a5\"},\"breadcrumb\":{\"@id\":\"https:\/\/www.lauryn.cz\/2018\/03\/06\/metodika-gdpr-seminar\/#breadcrumb\"},\"inLanguage\":\"en-US\",\"potentialAction\":[{\"@type\":\"ReadAction\",\"target\":[\"https:\/\/www.lauryn.cz\/2018\/03\/06\/metodika-gdpr-seminar\/\"]}]},{\"@type\":\"BreadcrumbList\",\"@id\":\"https:\/\/www.lauryn.cz\/2018\/03\/06\/metodika-gdpr-seminar\/#breadcrumb\",\"itemListElement\":[{\"@type\":\"ListItem\",\"position\":1,\"name\":\"Dom\u016f\",\"item\":\"https:\/\/www.lauryn.cz\/en\/\"},{\"@type\":\"ListItem\",\"position\":2,\"name\":\"GDPR methodology and seminar\"}]},{\"@type\":\"WebSite\",\"@id\":\"https:\/\/www.lauryn.cz\/#website\",\"url\":\"https:\/\/www.lauryn.cz\/\",\"name\":\"LAURYN\",\"description\":\"Informa\u010dn\u00ed syst\u00e9my pro l\u00e1ze\u0148sk\u00e1 a rehabilita\u010dn\u00ed za\u0159\u00edzen\u00ed\",\"potentialAction\":[{\"@type\":\"SearchAction\",\"target\":{\"@type\":\"EntryPoint\",\"urlTemplate\":\"https:\/\/www.lauryn.cz\/?s={search_term_string}\"},\"query-input\":{\"@type\":\"PropertyValueSpecification\",\"valueRequired\":true,\"valueName\":\"search_term_string\"}}],\"inLanguage\":\"en-US\"},{\"@type\":\"Person\",\"@id\":\"https:\/\/www.lauryn.cz\/#\/schema\/person\/7c4e5d8e482c37b2de1b21e0440c76a5\",\"name\":\"Radek Lauryn\",\"image\":{\"@type\":\"ImageObject\",\"inLanguage\":\"en-US\",\"@id\":\"https:\/\/www.lauryn.cz\/#\/schema\/person\/image\/\",\"url\":\"https:\/\/secure.gravatar.com\/avatar\/01fba528bba5a5e6174ab926fd2c2034?s=96&d=mm&r=g\",\"contentUrl\":\"https:\/\/secure.gravatar.com\/avatar\/01fba528bba5a5e6174ab926fd2c2034?s=96&d=mm&r=g\",\"caption\":\"Radek Lauryn\"},\"description\":\"Spole\u010dn\u00edk a spolumajitel spole\u010dnosti LAURYN s.r.o. zam\u011b\u0159en\u00e9 na v\u00fdvoj software pro l\u00e1zn\u011b, rehabilitace a OL\u00da.\",\"sameAs\":[\"https:\/\/www.lauryn.cz\/\"],\"url\":\"https:\/\/www.lauryn.cz\/en\/author\/radek-laurynlauryn-cz\/\"}]}<\/script>\n<!-- \/ Yoast SEO plugin. -->","yoast_head_json":{"title":"GDPR methodology and seminar | LAURYN","robots":{"index":"index","follow":"follow","max-snippet":"max-snippet:-1","max-image-preview":"max-image-preview:large","max-video-preview":"max-video-preview:-1"},"canonical":"https:\/\/www.lauryn.cz\/2018\/03\/06\/metodika-gdpr-seminar\/","og_locale":"en_US","og_type":"article","og_title":"GDPR methodology and seminar | LAURYN","og_description":"A seminar was held on Thursday, 1 March 2018 in Pardubice for users of the L-BIS, LBIS\/4G and R-PLAN systems who ordered the methodology \u201cPersonal data processing in the L-BIS, LBIS\/4G and R-PLAN information systems\u201d. This [&hellip;]","og_url":"https:\/\/www.lauryn.cz\/2018\/03\/06\/metodika-gdpr-seminar\/","og_site_name":"LAURYN","article_published_time":"2018-03-08T21:50:07+00:00","author":"Radek Lauryn","twitter_card":"summary_large_image","twitter_misc":{"Written by":"Radek Lauryn","Est. reading time":"1 minute"},"schema":{"@context":"https:\/\/schema.org","@graph":[{"@type":"WebPage","@id":"https:\/\/www.lauryn.cz\/2018\/03\/06\/metodika-gdpr-seminar\/","url":"https:\/\/www.lauryn.cz\/2018\/03\/06\/metodika-gdpr-seminar\/","name":"GDPR methodology and seminar | LAURYN","isPartOf":{"@id":"https:\/\/www.lauryn.cz\/#website"},"datePublished":"2018-03-08T21:50:07+00:00","dateModified":"2018-03-08T21:50:07+00:00","author":{"@id":"https:\/\/www.lauryn.cz\/#\/schema\/person\/7c4e5d8e482c37b2de1b21e0440c76a5"},"breadcrumb":{"@id":"https:\/\/www.lauryn.cz\/2018\/03\/06\/metodika-gdpr-seminar\/#breadcrumb"},"inLanguage":"en-US","potentialAction":[{"@type":"ReadAction","target":["https:\/\/www.lauryn.cz\/2018\/03\/06\/metodika-gdpr-seminar\/"]}]},{"@type":"BreadcrumbList","@id":"https:\/\/www.lauryn.cz\/2018\/03\/06\/metodika-gdpr-seminar\/#breadcrumb","itemListElement":[{"@type":"ListItem","position":1,"name":"Dom\u016f","item":"https:\/\/www.lauryn.cz\/en\/"},{"@type":"ListItem","position":2,"name":"GDPR methodology and seminar"}]},{"@type":"WebSite","@id":"https:\/\/www.lauryn.cz\/#website","url":"https:\/\/www.lauryn.cz\/","name":"LAURYN","description":"Informa\u010dn\u00ed syst\u00e9my pro l\u00e1ze\u0148sk\u00e1 a rehabilita\u010dn\u00ed za\u0159\u00edzen\u00ed","potentialAction":[{"@type":"SearchAction","target":{"@type":"EntryPoint","urlTemplate":"https:\/\/www.lauryn.cz\/?s={search_term_string}"},"query-input":{"@type":"PropertyValueSpecification","valueRequired":true,"valueName":"search_term_string"}}],"inLanguage":"en-US"},{"@type":"Person","@id":"https:\/\/www.lauryn.cz\/#\/schema\/person\/7c4e5d8e482c37b2de1b21e0440c76a5","name":"Radek Lauryn","image":{"@type":"ImageObject","inLanguage":"en-US","@id":"https:\/\/www.lauryn.cz\/#\/schema\/person\/image\/","url":"https:\/\/secure.gravatar.com\/avatar\/01fba528bba5a5e6174ab926fd2c2034?s=96&d=mm&r=g","contentUrl":"https:\/\/secure.gravatar.com\/avatar\/01fba528bba5a5e6174ab926fd2c2034?s=96&d=mm&r=g","caption":"Radek Lauryn"},"description":"Spole\u010dn\u00edk a spolumajitel spole\u010dnosti LAURYN s.r.o. zam\u011b\u0159en\u00e9 na v\u00fdvoj software pro l\u00e1zn\u011b, rehabilitace a OL\u00da.","sameAs":["https:\/\/www.lauryn.cz\/"],"url":"https:\/\/www.lauryn.cz\/en\/author\/radek-laurynlauryn-cz\/"}]}},"_links":{"self":[{"href":"https:\/\/www.lauryn.cz\/en\/wp-json\/wp\/v2\/posts\/12652"}],"collection":[{"href":"https:\/\/www.lauryn.cz\/en\/wp-json\/wp\/v2\/posts"}],"about":[{"href":"https:\/\/www.lauryn.cz\/en\/wp-json\/wp\/v2\/types\/post"}],"author":[{"embeddable":true,"href":"https:\/\/www.lauryn.cz\/en\/wp-json\/wp\/v2\/users\/3"}],"replies":[{"embeddable":true,"href":"https:\/\/www.lauryn.cz\/en\/wp-json\/wp\/v2\/comments?post=12652"}],"version-history":[{"count":1,"href":"https:\/\/www.lauryn.cz\/en\/wp-json\/wp\/v2\/posts\/12652\/revisions"}],"predecessor-version":[{"id":12653,"href":"https:\/\/www.lauryn.cz\/en\/wp-json\/wp\/v2\/posts\/12652\/revisions\/12653"}],"wp:attachment":[{"href":"https:\/\/www.lauryn.cz\/en\/wp-json\/wp\/v2\/media?parent=12652"}],"wp:term":[{"taxonomy":"category","embeddable":true,"href":"https:\/\/www.lauryn.cz\/en\/wp-json\/wp\/v2\/categories?post=12652"},{"taxonomy":"post_tag","embeddable":true,"href":"https:\/\/www.lauryn.cz\/en\/wp-json\/wp\/v2\/tags?post=12652"}],"curies":[{"name":"wp","href":"https:\/\/api.w.org\/{rel}","templated":true}]}}