{"id":12812,"date":"2019-02-15T16:47:41","date_gmt":"2019-02-15T15:47:41","guid":{"rendered":"http:\/\/www.lauryn.cz\/ru\/?p=12812"},"modified":"2019-02-15T16:47:41","modified_gmt":"2019-02-15T15:47:41","slug":"%d0%b2%d0%bd%d0%b5%d0%b4%d1%80%d0%b5%d0%bd%d0%b8%d0%b5-lbis4g-%d0%b2-%d0%ba%d0%be%d0%bc%d0%bf%d0%b0%d0%bd%d0%b8%d0%b8-kupelno-rehabilitacny-ustav-mv-sr-bystra","status":"publish","type":"post","link":"https:\/\/www.lauryn.cz\/ru\/2019\/02\/15\/%d0%b2%d0%bd%d0%b5%d0%b4%d1%80%d0%b5%d0%bd%d0%b8%d0%b5-lbis4g-%d0%b2-%d0%ba%d0%be%d0%bc%d0%bf%d0%b0%d0%bd%d0%b8%d0%b8-kupelno-rehabilitacny-ustav-mv-sr-bystra\/","title":{"rendered":"\u0412\u043d\u0435\u0434\u0440\u0435\u043d\u0438\u0435 LBIS\/4G \u0432 \u043a\u043e\u043c\u043f\u0430\u043d\u0438\u0438 \u00abK\u00fape\u013eno \u2013 rehabilita\u010dn\u00fd \u00fastav MV SR BYSTR\u00c1\u00bb."},"content":{"rendered":"<p>\u0412 \u043f\u0435\u0440\u0438\u043e\u0434 \u0441 \u043e\u043a\u0442\u044f\u0431\u0440\u044f 2018 \u0433. \u00a0\u043f\u043e\u00a0\u044f\u043d\u0432\u0430\u0440\u044f 2019 \u0433. \u0431\u044b\u043b\u043e \u0440\u0435\u0430\u043b\u0438\u0437\u043e\u0432\u0430\u043d\u043e \u0432\u043d\u0435\u0434\u0440\u0435\u043d\u0438\u0435 \u0441\u0438\u0441\u0442\u0435\u043c\u044b LBIS\/4G \u0441 \u043f\u043e\u0434\u0441\u0438\u0441\u0442\u0435\u043c\u0430\u043c\u0438: \u0410\u0434\u043c\u0438\u043d\u0438\u0441\u0442\u0440\u0438\u0440\u043e\u0432\u0430\u043d\u0438\u0435 \u043f\u0440\u043e\u0436\u0438\u0432\u0430\u043d\u0438\u044f, \u0410\u0434\u043c\u0438\u043d\u0438\u0441\u0442\u0440\u0438\u0440\u043e\u0432\u0430\u043d\u0438\u0435 \u043c\u0435\u0434\u0438\u0446\u0438\u043d\u0441\u043a\u0438\u0445 \u0443\u0441\u043b\u0443\u0433 \u0438 \u0410\u0434\u043c\u0438\u043d\u0438\u0441\u0442\u0440\u0438\u0440\u043e\u0432\u0430\u043d\u0438\u0435 \u0440\u0435\u0430\u0431\u0438\u043b\u0438\u0442\u0430\u0446\u0438\u043e\u043d\u043d\u044b\u0445 \u0443\u0441\u043b\u0443\u0433 \u0432 \u043a\u043e\u043c\u043f\u0430\u043d\u0438\u0438 \u00abK\u00fape\u013eno \u2013 rehabilita\u010dn\u00fd \u00fastav MV SR BYSTR\u00c1\u00bb.<\/p>\n<p><img decoding=\"async\" class=\"alignnone size-full wp-image-12810\" src=\"https:\/\/www.lauryn.cz\/wp-content\/uploads\/2019\/02\/foto_bystra.jpg\" alt=\"\" width=\"135\" height=\"90\" \/><\/p>\n","protected":false},"excerpt":{"rendered":"<p>\u0412 \u043f\u0435\u0440\u0438\u043e\u0434 \u0441 \u043e\u043a\u0442\u044f\u0431\u0440\u044f 2018 \u0433. \u00a0\u043f\u043e\u00a0\u044f\u043d\u0432\u0430\u0440\u044f 2019 \u0433. \u0431\u044b\u043b\u043e \u0440\u0435\u0430\u043b\u0438\u0437\u043e\u0432\u0430\u043d\u043e \u0432\u043d\u0435\u0434\u0440\u0435\u043d\u0438\u0435 \u0441\u0438\u0441\u0442\u0435\u043c\u044b LBIS\/4G \u0441 \u043f\u043e\u0434\u0441\u0438\u0441\u0442\u0435\u043c\u0430\u043c\u0438: \u0410\u0434\u043c\u0438\u043d\u0438\u0441\u0442\u0440\u0438\u0440\u043e\u0432\u0430\u043d\u0438\u0435 \u043f\u0440\u043e\u0436\u0438\u0432\u0430\u043d\u0438\u044f, \u0410\u0434\u043c\u0438\u043d\u0438\u0441\u0442\u0440\u0438\u0440\u043e\u0432\u0430\u043d\u0438\u0435 \u043c\u0435\u0434\u0438\u0446\u0438\u043d\u0441\u043a\u0438\u0445 \u0443\u0441\u043b\u0443\u0433 \u0438 \u0410\u0434\u043c\u0438\u043d\u0438\u0441\u0442\u0440\u0438\u0440\u043e\u0432\u0430\u043d\u0438\u0435 \u0440\u0435\u0430\u0431\u0438\u043b\u0438\u0442\u0430\u0446\u0438\u043e\u043d\u043d\u044b\u0445 \u0443\u0441\u043b\u0443\u0433 \u0432 \u043a\u043e\u043c\u043f\u0430\u043d\u0438\u0438 \u00abK\u00fape\u013eno \u2013 rehabilita\u010dn\u00fd \u00fastav MV SR BYSTR\u00c1\u00bb.<\/p>\n","protected":false},"author":3,"featured_media":0,"comment_status":"closed","ping_status":"closed","sticky":false,"template":"","format":"standard","meta":{"footnotes":""},"categories":[50],"tags":[],"class_list":["post-12812","post","type-post","status-publish","format-standard","hentry","category-50"],"yoast_head":"<!-- This site is optimized with the Yoast SEO plugin v23.6 - https:\/\/yoast.com\/wordpress\/plugins\/seo\/ -->\n<title>\u0412\u043d\u0435\u0434\u0440\u0435\u043d\u0438\u0435 LBIS\/4G \u0432 \u043a\u043e\u043c\u043f\u0430\u043d\u0438\u0438 \u00abK\u00fape\u013eno \u2013 rehabilita\u010dn\u00fd \u00fastav MV SR BYSTR\u00c1\u00bb. | LAURYN<\/title>\n<meta name=\"robots\" content=\"index, follow, max-snippet:-1, max-image-preview:large, max-video-preview:-1\" \/>\n<link rel=\"canonical\" href=\"https:\/\/www.lauryn.cz\/2019\/02\/15\/implementace-lbis4g-kupelno-rehabilitacny-ustav-mv-sr-bystra\/\" \/>\n<meta property=\"og:locale\" content=\"ru_RU\" \/>\n<meta property=\"og:type\" content=\"article\" \/>\n<meta property=\"og:title\" content=\"\u0412\u043d\u0435\u0434\u0440\u0435\u043d\u0438\u0435 LBIS\/4G \u0432 \u043a\u043e\u043c\u043f\u0430\u043d\u0438\u0438 \u00abK\u00fape\u013eno \u2013 rehabilita\u010dn\u00fd \u00fastav MV SR BYSTR\u00c1\u00bb. | LAURYN\" \/>\n<meta property=\"og:description\" content=\"\u0412 \u043f\u0435\u0440\u0438\u043e\u0434 \u0441 \u043e\u043a\u0442\u044f\u0431\u0440\u044f 2018 \u0433. \u00a0\u043f\u043e\u00a0\u044f\u043d\u0432\u0430\u0440\u044f 2019 \u0433. \u0431\u044b\u043b\u043e \u0440\u0435\u0430\u043b\u0438\u0437\u043e\u0432\u0430\u043d\u043e \u0432\u043d\u0435\u0434\u0440\u0435\u043d\u0438\u0435 \u0441\u0438\u0441\u0442\u0435\u043c\u044b LBIS\/4G \u0441 \u043f\u043e\u0434\u0441\u0438\u0441\u0442\u0435\u043c\u0430\u043c\u0438: \u0410\u0434\u043c\u0438\u043d\u0438\u0441\u0442\u0440\u0438\u0440\u043e\u0432\u0430\u043d\u0438\u0435 \u043f\u0440\u043e\u0436\u0438\u0432\u0430\u043d\u0438\u044f, \u0410\u0434\u043c\u0438\u043d\u0438\u0441\u0442\u0440\u0438\u0440\u043e\u0432\u0430\u043d\u0438\u0435 \u043c\u0435\u0434\u0438\u0446\u0438\u043d\u0441\u043a\u0438\u0445 \u0443\u0441\u043b\u0443\u0433 \u0438 \u0410\u0434\u043c\u0438\u043d\u0438\u0441\u0442\u0440\u0438\u0440\u043e\u0432\u0430\u043d\u0438\u0435 \u0440\u0435\u0430\u0431\u0438\u043b\u0438\u0442\u0430\u0446\u0438\u043e\u043d\u043d\u044b\u0445 \u0443\u0441\u043b\u0443\u0433 \u0432 \u043a\u043e\u043c\u043f\u0430\u043d\u0438\u0438 \u00abK\u00fape\u013eno \u2013 rehabilita\u010dn\u00fd \u00fastav MV SR BYSTR\u00c1\u00bb.\" \/>\n<meta property=\"og:url\" content=\"https:\/\/www.lauryn.cz\/2019\/02\/15\/implementace-lbis4g-kupelno-rehabilitacny-ustav-mv-sr-bystra\/\" \/>\n<meta property=\"og:site_name\" content=\"LAURYN\" \/>\n<meta property=\"article:published_time\" content=\"2019-02-15T15:47:41+00:00\" \/>\n<meta property=\"og:image\" content=\"https:\/\/www.lauryn.cz\/wp-content\/uploads\/2019\/02\/foto_bystra.jpg\" \/>\n\t<meta property=\"og:image:width\" content=\"135\" \/>\n\t<meta property=\"og:image:height\" content=\"90\" \/>\n\t<meta property=\"og:image:type\" content=\"image\/jpeg\" \/>\n<meta name=\"author\" content=\"Radek Lauryn\" \/>\n<meta name=\"twitter:card\" content=\"summary_large_image\" \/>\n<meta name=\"twitter:label1\" content=\"\u041d\u0430\u043f\u0438\u0441\u0430\u043d\u043e \u0430\u0432\u0442\u043e\u0440\u043e\u043c\" \/>\n\t<meta name=\"twitter:data1\" content=\"Radek Lauryn\" \/>\n<script type=\"application\/ld+json\" class=\"yoast-schema-graph\">{\"@context\":\"https:\/\/schema.org\",\"@graph\":[{\"@type\":\"WebPage\",\"@id\":\"https:\/\/www.lauryn.cz\/2019\/02\/15\/implementace-lbis4g-kupelno-rehabilitacny-ustav-mv-sr-bystra\/\",\"url\":\"https:\/\/www.lauryn.cz\/2019\/02\/15\/implementace-lbis4g-kupelno-rehabilitacny-ustav-mv-sr-bystra\/\",\"name\":\"\u0412\u043d\u0435\u0434\u0440\u0435\u043d\u0438\u0435 LBIS\/4G \u0432 \u043a\u043e\u043c\u043f\u0430\u043d\u0438\u0438 \u00abK\u00fape\u013eno \u2013 rehabilita\u010dn\u00fd \u00fastav MV SR BYSTR\u00c1\u00bb. | LAURYN\",\"isPartOf\":{\"@id\":\"https:\/\/www.lauryn.cz\/#website\"},\"primaryImageOfPage\":{\"@id\":\"https:\/\/www.lauryn.cz\/2019\/02\/15\/implementace-lbis4g-kupelno-rehabilitacny-ustav-mv-sr-bystra\/#primaryimage\"},\"image\":{\"@id\":\"https:\/\/www.lauryn.cz\/2019\/02\/15\/implementace-lbis4g-kupelno-rehabilitacny-ustav-mv-sr-bystra\/#primaryimage\"},\"thumbnailUrl\":\"https:\/\/www.lauryn.cz\/wp-content\/uploads\/2019\/02\/foto_bystra.jpg\",\"datePublished\":\"2019-02-15T15:47:41+00:00\",\"dateModified\":\"2019-02-15T15:47:41+00:00\",\"author\":{\"@id\":\"https:\/\/www.lauryn.cz\/#\/schema\/person\/7c4e5d8e482c37b2de1b21e0440c76a5\"},\"breadcrumb\":{\"@id\":\"https:\/\/www.lauryn.cz\/2019\/02\/15\/implementace-lbis4g-kupelno-rehabilitacny-ustav-mv-sr-bystra\/#breadcrumb\"},\"inLanguage\":\"ru-RU\",\"potentialAction\":[{\"@type\":\"ReadAction\",\"target\":[\"https:\/\/www.lauryn.cz\/2019\/02\/15\/implementace-lbis4g-kupelno-rehabilitacny-ustav-mv-sr-bystra\/\"]}]},{\"@type\":\"ImageObject\",\"inLanguage\":\"ru-RU\",\"@id\":\"https:\/\/www.lauryn.cz\/2019\/02\/15\/implementace-lbis4g-kupelno-rehabilitacny-ustav-mv-sr-bystra\/#primaryimage\",\"url\":\"https:\/\/www.lauryn.cz\/wp-content\/uploads\/2019\/02\/foto_bystra.jpg\",\"contentUrl\":\"https:\/\/www.lauryn.cz\/wp-content\/uploads\/2019\/02\/foto_bystra.jpg\"},{\"@type\":\"BreadcrumbList\",\"@id\":\"https:\/\/www.lauryn.cz\/2019\/02\/15\/implementace-lbis4g-kupelno-rehabilitacny-ustav-mv-sr-bystra\/#breadcrumb\",\"itemListElement\":[{\"@type\":\"ListItem\",\"position\":1,\"name\":\"Dom\u016f\",\"item\":\"https:\/\/www.lauryn.cz\/\"},{\"@type\":\"ListItem\",\"position\":2,\"name\":\"\u0412\u043d\u0435\u0434\u0440\u0435\u043d\u0438\u0435 LBIS\/4G \u0432 \u043a\u043e\u043c\u043f\u0430\u043d\u0438\u0438 \u00abK\u00fape\u013eno \u2013 rehabilita\u010dn\u00fd \u00fastav MV SR BYSTR\u00c1\u00bb.\"}]},{\"@type\":\"WebSite\",\"@id\":\"https:\/\/www.lauryn.cz\/#website\",\"url\":\"https:\/\/www.lauryn.cz\/\",\"name\":\"LAURYN\",\"description\":\"Informa\u010dn\u00ed syst\u00e9my pro l\u00e1ze\u0148sk\u00e1 a rehabilita\u010dn\u00ed za\u0159\u00edzen\u00ed\",\"potentialAction\":[{\"@type\":\"SearchAction\",\"target\":{\"@type\":\"EntryPoint\",\"urlTemplate\":\"https:\/\/www.lauryn.cz\/?s={search_term_string}\"},\"query-input\":{\"@type\":\"PropertyValueSpecification\",\"valueRequired\":true,\"valueName\":\"search_term_string\"}}],\"inLanguage\":\"ru-RU\"},{\"@type\":\"Person\",\"@id\":\"https:\/\/www.lauryn.cz\/#\/schema\/person\/7c4e5d8e482c37b2de1b21e0440c76a5\",\"name\":\"Radek Lauryn\",\"image\":{\"@type\":\"ImageObject\",\"inLanguage\":\"ru-RU\",\"@id\":\"https:\/\/www.lauryn.cz\/#\/schema\/person\/image\/\",\"url\":\"https:\/\/secure.gravatar.com\/avatar\/01fba528bba5a5e6174ab926fd2c2034?s=96&d=mm&r=g\",\"contentUrl\":\"https:\/\/secure.gravatar.com\/avatar\/01fba528bba5a5e6174ab926fd2c2034?s=96&d=mm&r=g\",\"caption\":\"Radek Lauryn\"},\"description\":\"Spole\u010dn\u00edk a spolumajitel spole\u010dnosti LAURYN s.r.o. zam\u011b\u0159en\u00e9 na v\u00fdvoj software pro l\u00e1zn\u011b, rehabilitace a OL\u00da.\",\"sameAs\":[\"https:\/\/www.lauryn.cz\/\"],\"url\":\"https:\/\/www.lauryn.cz\/ru\/author\/radek-laurynlauryn-cz\/\"}]}<\/script>\n<!-- \/ Yoast SEO plugin. -->","yoast_head_json":{"title":"\u0412\u043d\u0435\u0434\u0440\u0435\u043d\u0438\u0435 LBIS\/4G \u0432 \u043a\u043e\u043c\u043f\u0430\u043d\u0438\u0438 \u00abK\u00fape\u013eno \u2013 rehabilita\u010dn\u00fd \u00fastav MV SR BYSTR\u00c1\u00bb. | LAURYN","robots":{"index":"index","follow":"follow","max-snippet":"max-snippet:-1","max-image-preview":"max-image-preview:large","max-video-preview":"max-video-preview:-1"},"canonical":"https:\/\/www.lauryn.cz\/2019\/02\/15\/implementace-lbis4g-kupelno-rehabilitacny-ustav-mv-sr-bystra\/","og_locale":"ru_RU","og_type":"article","og_title":"\u0412\u043d\u0435\u0434\u0440\u0435\u043d\u0438\u0435 LBIS\/4G \u0432 \u043a\u043e\u043c\u043f\u0430\u043d\u0438\u0438 \u00abK\u00fape\u013eno \u2013 rehabilita\u010dn\u00fd \u00fastav MV SR BYSTR\u00c1\u00bb. | LAURYN","og_description":"\u0412 \u043f\u0435\u0440\u0438\u043e\u0434 \u0441 \u043e\u043a\u0442\u044f\u0431\u0440\u044f 2018 \u0433. \u00a0\u043f\u043e\u00a0\u044f\u043d\u0432\u0430\u0440\u044f 2019 \u0433. \u0431\u044b\u043b\u043e \u0440\u0435\u0430\u043b\u0438\u0437\u043e\u0432\u0430\u043d\u043e \u0432\u043d\u0435\u0434\u0440\u0435\u043d\u0438\u0435 \u0441\u0438\u0441\u0442\u0435\u043c\u044b LBIS\/4G \u0441 \u043f\u043e\u0434\u0441\u0438\u0441\u0442\u0435\u043c\u0430\u043c\u0438: \u0410\u0434\u043c\u0438\u043d\u0438\u0441\u0442\u0440\u0438\u0440\u043e\u0432\u0430\u043d\u0438\u0435 \u043f\u0440\u043e\u0436\u0438\u0432\u0430\u043d\u0438\u044f, \u0410\u0434\u043c\u0438\u043d\u0438\u0441\u0442\u0440\u0438\u0440\u043e\u0432\u0430\u043d\u0438\u0435 \u043c\u0435\u0434\u0438\u0446\u0438\u043d\u0441\u043a\u0438\u0445 \u0443\u0441\u043b\u0443\u0433 \u0438 \u0410\u0434\u043c\u0438\u043d\u0438\u0441\u0442\u0440\u0438\u0440\u043e\u0432\u0430\u043d\u0438\u0435 \u0440\u0435\u0430\u0431\u0438\u043b\u0438\u0442\u0430\u0446\u0438\u043e\u043d\u043d\u044b\u0445 \u0443\u0441\u043b\u0443\u0433 \u0432 \u043a\u043e\u043c\u043f\u0430\u043d\u0438\u0438 \u00abK\u00fape\u013eno \u2013 rehabilita\u010dn\u00fd \u00fastav MV SR BYSTR\u00c1\u00bb.","og_url":"https:\/\/www.lauryn.cz\/2019\/02\/15\/implementace-lbis4g-kupelno-rehabilitacny-ustav-mv-sr-bystra\/","og_site_name":"LAURYN","article_published_time":"2019-02-15T15:47:41+00:00","og_image":[{"width":135,"height":90,"url":"https:\/\/www.lauryn.cz\/wp-content\/uploads\/2019\/02\/foto_bystra.jpg","type":"image\/jpeg"}],"author":"Radek Lauryn","twitter_card":"summary_large_image","twitter_misc":{"\u041d\u0430\u043f\u0438\u0441\u0430\u043d\u043e \u0430\u0432\u0442\u043e\u0440\u043e\u043c":"Radek Lauryn"},"schema":{"@context":"https:\/\/schema.org","@graph":[{"@type":"WebPage","@id":"https:\/\/www.lauryn.cz\/2019\/02\/15\/implementace-lbis4g-kupelno-rehabilitacny-ustav-mv-sr-bystra\/","url":"https:\/\/www.lauryn.cz\/2019\/02\/15\/implementace-lbis4g-kupelno-rehabilitacny-ustav-mv-sr-bystra\/","name":"\u0412\u043d\u0435\u0434\u0440\u0435\u043d\u0438\u0435 LBIS\/4G \u0432 \u043a\u043e\u043c\u043f\u0430\u043d\u0438\u0438 \u00abK\u00fape\u013eno \u2013 rehabilita\u010dn\u00fd \u00fastav MV SR BYSTR\u00c1\u00bb. | LAURYN","isPartOf":{"@id":"https:\/\/www.lauryn.cz\/#website"},"primaryImageOfPage":{"@id":"https:\/\/www.lauryn.cz\/2019\/02\/15\/implementace-lbis4g-kupelno-rehabilitacny-ustav-mv-sr-bystra\/#primaryimage"},"image":{"@id":"https:\/\/www.lauryn.cz\/2019\/02\/15\/implementace-lbis4g-kupelno-rehabilitacny-ustav-mv-sr-bystra\/#primaryimage"},"thumbnailUrl":"https:\/\/www.lauryn.cz\/wp-content\/uploads\/2019\/02\/foto_bystra.jpg","datePublished":"2019-02-15T15:47:41+00:00","dateModified":"2019-02-15T15:47:41+00:00","author":{"@id":"https:\/\/www.lauryn.cz\/#\/schema\/person\/7c4e5d8e482c37b2de1b21e0440c76a5"},"breadcrumb":{"@id":"https:\/\/www.lauryn.cz\/2019\/02\/15\/implementace-lbis4g-kupelno-rehabilitacny-ustav-mv-sr-bystra\/#breadcrumb"},"inLanguage":"ru-RU","potentialAction":[{"@type":"ReadAction","target":["https:\/\/www.lauryn.cz\/2019\/02\/15\/implementace-lbis4g-kupelno-rehabilitacny-ustav-mv-sr-bystra\/"]}]},{"@type":"ImageObject","inLanguage":"ru-RU","@id":"https:\/\/www.lauryn.cz\/2019\/02\/15\/implementace-lbis4g-kupelno-rehabilitacny-ustav-mv-sr-bystra\/#primaryimage","url":"https:\/\/www.lauryn.cz\/wp-content\/uploads\/2019\/02\/foto_bystra.jpg","contentUrl":"https:\/\/www.lauryn.cz\/wp-content\/uploads\/2019\/02\/foto_bystra.jpg"},{"@type":"BreadcrumbList","@id":"https:\/\/www.lauryn.cz\/2019\/02\/15\/implementace-lbis4g-kupelno-rehabilitacny-ustav-mv-sr-bystra\/#breadcrumb","itemListElement":[{"@type":"ListItem","position":1,"name":"Dom\u016f","item":"https:\/\/www.lauryn.cz\/"},{"@type":"ListItem","position":2,"name":"\u0412\u043d\u0435\u0434\u0440\u0435\u043d\u0438\u0435 LBIS\/4G \u0432 \u043a\u043e\u043c\u043f\u0430\u043d\u0438\u0438 \u00abK\u00fape\u013eno \u2013 rehabilita\u010dn\u00fd \u00fastav MV SR BYSTR\u00c1\u00bb."}]},{"@type":"WebSite","@id":"https:\/\/www.lauryn.cz\/#website","url":"https:\/\/www.lauryn.cz\/","name":"LAURYN","description":"Informa\u010dn\u00ed syst\u00e9my pro l\u00e1ze\u0148sk\u00e1 a rehabilita\u010dn\u00ed za\u0159\u00edzen\u00ed","potentialAction":[{"@type":"SearchAction","target":{"@type":"EntryPoint","urlTemplate":"https:\/\/www.lauryn.cz\/?s={search_term_string}"},"query-input":{"@type":"PropertyValueSpecification","valueRequired":true,"valueName":"search_term_string"}}],"inLanguage":"ru-RU"},{"@type":"Person","@id":"https:\/\/www.lauryn.cz\/#\/schema\/person\/7c4e5d8e482c37b2de1b21e0440c76a5","name":"Radek Lauryn","image":{"@type":"ImageObject","inLanguage":"ru-RU","@id":"https:\/\/www.lauryn.cz\/#\/schema\/person\/image\/","url":"https:\/\/secure.gravatar.com\/avatar\/01fba528bba5a5e6174ab926fd2c2034?s=96&d=mm&r=g","contentUrl":"https:\/\/secure.gravatar.com\/avatar\/01fba528bba5a5e6174ab926fd2c2034?s=96&d=mm&r=g","caption":"Radek Lauryn"},"description":"Spole\u010dn\u00edk a spolumajitel spole\u010dnosti LAURYN s.r.o. zam\u011b\u0159en\u00e9 na v\u00fdvoj software pro l\u00e1zn\u011b, rehabilitace a OL\u00da.","sameAs":["https:\/\/www.lauryn.cz\/"],"url":"https:\/\/www.lauryn.cz\/ru\/author\/radek-laurynlauryn-cz\/"}]}},"_links":{"self":[{"href":"https:\/\/www.lauryn.cz\/ru\/wp-json\/wp\/v2\/posts\/12812"}],"collection":[{"href":"https:\/\/www.lauryn.cz\/ru\/wp-json\/wp\/v2\/posts"}],"about":[{"href":"https:\/\/www.lauryn.cz\/ru\/wp-json\/wp\/v2\/types\/post"}],"author":[{"embeddable":true,"href":"https:\/\/www.lauryn.cz\/ru\/wp-json\/wp\/v2\/users\/3"}],"replies":[{"embeddable":true,"href":"https:\/\/www.lauryn.cz\/ru\/wp-json\/wp\/v2\/comments?post=12812"}],"version-history":[{"count":1,"href":"https:\/\/www.lauryn.cz\/ru\/wp-json\/wp\/v2\/posts\/12812\/revisions"}],"predecessor-version":[{"id":12813,"href":"https:\/\/www.lauryn.cz\/ru\/wp-json\/wp\/v2\/posts\/12812\/revisions\/12813"}],"wp:attachment":[{"href":"https:\/\/www.lauryn.cz\/ru\/wp-json\/wp\/v2\/media?parent=12812"}],"wp:term":[{"taxonomy":"category","embeddable":true,"href":"https:\/\/www.lauryn.cz\/ru\/wp-json\/wp\/v2\/categories?post=12812"},{"taxonomy":"post_tag","embeddable":true,"href":"https:\/\/www.lauryn.cz\/ru\/wp-json\/wp\/v2\/tags?post=12812"}],"curies":[{"name":"wp","href":"https:\/\/api.w.org\/{rel}","templated":true}]}}